{"id":4611,"date":"2016-06-09T10:15:20","date_gmt":"2016-06-09T07:15:20","guid":{"rendered":"http:\/\/www.crfj.org\/?p=4611"},"modified":"2016-06-09T10:15:20","modified_gmt":"2016-06-09T07:15:20","slug":"conference-%e2%80%8bles-juifs-du-maghreb-a-lyon-de-lintegration-au-repli-communautaire","status":"publish","type":"post","link":"https:\/\/www.crfj.org\/en\/conference-%e2%80%8bles-juifs-du-maghreb-a-lyon-de-lintegration-au-repli-communautaire\/","title":{"rendered":"Conf\u00e9rence : \u00ab\u00a0\u200bLes Juifs du Maghreb \u00e0 Lyon: de l&rsquo;int\u00e9gration au repli communautaire ?\u00a0\u00bb"},"content":{"rendered":"<div>\n<div dir=\"ltr\">\n<div><b><a href=\"http:\/\/www.crfj.org\/wp-content\/uploads\/2016\/05\/La-fabrique-communautaire_008.jpg\"><img loading=\"lazy\" class=\"aligncenter size-full wp-image-4612\" alt=\"La fabrique communautaire_008\" src=\"http:\/\/www.crfj.org\/wp-content\/uploads\/2016\/05\/La-fabrique-communautaire_008.jpg\" width=\"960\" height=\"720\" \/><\/a><\/b><\/div>\n<div style=\"text-align: justify;\">Le mardi 14 juin 2016 \u00e0 18h30 au CRFJ \u2013 de Fr\u00e9d\u00e9ric Ab\u00e9cassis, ma\u00eetre de conf\u00e9rences en histoire contemporaine \u00e0 l&rsquo;\u00c9cole normale sup\u00e9rieure de Lyon et membre du LARHRA. Le conf\u00e9rencier\u00a0pr\u00e9sentera l&rsquo;enqu\u00eate r\u00e9alis\u00e9e \u00e0 Villeurbanne et r\u00e9cemment publi\u00e9e sur les parcours de vie de 18 femmes, conduite dans le cadre de la LICRA. Il mettra cette enqu\u00eate en perspective avec son propre parcours de recherche, des \u00e9coles \u00e9trang\u00e8res d&rsquo;Egypte aux migrations des juifs du Maghreb, et avec une \u00e9tude quantitative en cours des kitoubot conserv\u00e9es \u00e0 la synagogue consistoriale de Lyon. Sur la base de ces \u00e9l\u00e9ments, il s&rsquo;agira de s&rsquo;interroger sur les concepts d&rsquo;int\u00e9gration et de communautarisme qui constituent \u00e0 la fois les deux p\u00f4les et les limites symboliques des parcours migratoires.<\/div>\n<\/div>\n<\/div>\n<p style=\"text-align: justify;\">Fr\u00e9d\u00e9ric Ab\u00e9cassis\u00a0est n\u00e9 \u00e0 Casablanca. Agr\u00e9g\u00e9 d\u2019Histoire,\u00a0 il a enseign\u00e9 en \u00c9gypte, puis \u00e0 l\u2019\u00c9cole normale sup\u00e9rieure de\u00a0Lyon\u00a0o\u00f9 il est actuellement ma\u00eetre de conf\u00e9rences en histoire contemporaine et membre du LARHRA. Il est r\u00e9dacteur\u00a0en chef de la revue\u00a0<i>L\u2019Ann\u00e9e du Maghreb<\/i>, pr\u00e9sente sur le portail\u00a0<a href=\"http:\/\/revues.org\/\">Revues.org<\/a>. Ses recherches portent sur l\u2019histoire de\u00a0l\u2019enseignement en \u00c9gypte \u00e0 l\u2019\u00e9poque contemporaine, les processus de construction communautaire en situation coloniale, en \u00c9gypte et au Maroc, et l\u2019histoire des\u00a0diasporas post-coloniales au d\u00e9part du Maghreb.<\/p>\n<div style=\"text-align: justify;\"><\/div>\n<div><\/div>\n<p>&nbsp;<\/p>","protected":false},"excerpt":{"rendered":"<p>Le mardi 14 juin 2016 \u00e0 18h30 au CRFJ \u2013 de Fr\u00e9d\u00e9ric Ab\u00e9cassis, ma\u00eetre de conf\u00e9rences en histoire contemporaine \u00e0 l&rsquo;\u00c9cole normale sup\u00e9rieure de Lyon et membre du LARHRA. Le conf\u00e9rencier\u00a0pr\u00e9sentera l&rsquo;enqu\u00eate r\u00e9alis\u00e9e \u00e0 Villeurbanne et r\u00e9cemment publi\u00e9e sur les parcours de vie de 18 femmes, conduite dans le cadre de la LICRA. Il mettra cette [&hellip;]<\/p>","protected":false},"author":1,"featured_media":0,"comment_status":"closed","ping_status":"closed","sticky":false,"template":"","format":"standard","meta":[],"categories":[45],"tags":[],"_links":{"self":[{"href":"https:\/\/www.crfj.org\/en\/wp-json\/wp\/v2\/posts\/4611"}],"collection":[{"href":"https:\/\/www.crfj.org\/en\/wp-json\/wp\/v2\/posts"}],"about":[{"href":"https:\/\/www.crfj.org\/en\/wp-json\/wp\/v2\/types\/post"}],"author":[{"embeddable":true,"href":"https:\/\/www.crfj.org\/en\/wp-json\/wp\/v2\/users\/1"}],"replies":[{"embeddable":true,"href":"https:\/\/www.crfj.org\/en\/wp-json\/wp\/v2\/comments?post=4611"}],"version-history":[{"count":0,"href":"https:\/\/www.crfj.org\/en\/wp-json\/wp\/v2\/posts\/4611\/revisions"}],"wp:attachment":[{"href":"https:\/\/www.crfj.org\/en\/wp-json\/wp\/v2\/media?parent=4611"}],"wp:term":[{"taxonomy":"category","embeddable":true,"href":"https:\/\/www.crfj.org\/en\/wp-json\/wp\/v2\/categories?post=4611"},{"taxonomy":"post_tag","embeddable":true,"href":"https:\/\/www.crfj.org\/en\/wp-json\/wp\/v2\/tags?post=4611"}],"curies":[{"name":"wp","href":"https:\/\/api.w.org\/{rel}","templated":true}]}}