{"id":4408,"date":"2016-03-10T09:54:14","date_gmt":"2016-03-10T07:54:14","guid":{"rendered":"http:\/\/www.crfj.org\/?p=4408"},"modified":"2016-03-10T09:54:14","modified_gmt":"2016-03-10T07:54:14","slug":"premiere-campagne-de-fouille-du-site-neolithique-de-natal-efe-par-des-scientifiques-de-cantabrie","status":"publish","type":"post","link":"https:\/\/www.crfj.org\/en\/premiere-campagne-de-fouille-du-site-neolithique-de-natal-efe-par-des-scientifiques-de-cantabrie\/","title":{"rendered":"Premi\u00e8re campagne de fouille du site n\u00e9olithique de Nahal Efe (Isra\u00ebl) par des scientifiques de Cantabrie"},"content":{"rendered":"<p>&nbsp;<\/p>\n<p><a href=\"http:\/\/www.crfj.org\/wp-content\/uploads\/2016\/03\/Capture-d\u2019\u00e9cran-2016-03-10-\u00e0-09.45.32.png\"><img loading=\"lazy\" class=\"aligncenter size-full wp-image-4409\" alt=\"\" src=\"http:\/\/www.crfj.org\/wp-content\/uploads\/2016\/03\/Capture-d\u2019\u00e9cran-2016-03-10-\u00e0-09.45.32.png\" width=\"749\" height=\"433\" \/><\/a><\/p>\n<p style=\"text-align: justify;\">Des chercheurs, dont Ferran Borrell, docteur \u00e0 de l&rsquo;Institut international de la pr\u00e9histoire de Cantabrie Recherche (IIIPC) et chercheur associ\u00e9 au CRFJ, ont particip\u00e9 \u00e0 un nouveau projet arch\u00e9ologique en Isra\u00ebl. Entre le 1er et le 11 D\u00e9cembre 2015 a eu lieu la premi\u00e8re campagne de fouille du site n\u00e9olithique de Nahal Efe, dans le semi-d\u00e9sert de la r\u00e9gion du N\u00e9guev.<\/p>\n<p style=\"text-align: justify;\"><a href=\"http:\/\/www.iiipc.unican.es\/?p=3996\" target=\"_blank\">Lire l&rsquo;article sur le site internet de l&rsquo;Institut international de la pr\u00e9histoire de Cantabria<\/a><\/p>\n<p style=\"text-align: justify;\"><a href=\"http:\/\/web.unican.es\/noticias\/Paginas\/2015\/diciembre\/Instituto-Internacional-de-Investigaciones-Prehist%C3%B3ricas-de-Cantabria-participan-en-un-proyecto-arqueologico-Israel.aspx\" target=\"_blank\">Lire l&rsquo;article\u00a0sur le site de l&rsquo;universit\u00e9 de Cantabria<\/a><\/p>\n<p>Lire l&rsquo;article sur<\/p>","protected":false},"excerpt":{"rendered":"<p>&nbsp; Des chercheurs, dont Ferran Borrell, docteur \u00e0 de l&rsquo;Institut international de la pr\u00e9histoire de Cantabrie Recherche (IIIPC) et chercheur associ\u00e9 au CRFJ, ont particip\u00e9 \u00e0 un nouveau projet arch\u00e9ologique en Isra\u00ebl. Entre le 1er et le 11 D\u00e9cembre 2015 a eu lieu la premi\u00e8re campagne de fouille du site n\u00e9olithique de Nahal Efe, dans le [&hellip;]<\/p>","protected":false},"author":1,"featured_media":0,"comment_status":"closed","ping_status":"closed","sticky":false,"template":"","format":"standard","meta":[],"categories":[55,44],"tags":[],"_links":{"self":[{"href":"https:\/\/www.crfj.org\/en\/wp-json\/wp\/v2\/posts\/4408"}],"collection":[{"href":"https:\/\/www.crfj.org\/en\/wp-json\/wp\/v2\/posts"}],"about":[{"href":"https:\/\/www.crfj.org\/en\/wp-json\/wp\/v2\/types\/post"}],"author":[{"embeddable":true,"href":"https:\/\/www.crfj.org\/en\/wp-json\/wp\/v2\/users\/1"}],"replies":[{"embeddable":true,"href":"https:\/\/www.crfj.org\/en\/wp-json\/wp\/v2\/comments?post=4408"}],"version-history":[{"count":0,"href":"https:\/\/www.crfj.org\/en\/wp-json\/wp\/v2\/posts\/4408\/revisions"}],"wp:attachment":[{"href":"https:\/\/www.crfj.org\/en\/wp-json\/wp\/v2\/media?parent=4408"}],"wp:term":[{"taxonomy":"category","embeddable":true,"href":"https:\/\/www.crfj.org\/en\/wp-json\/wp\/v2\/categories?post=4408"},{"taxonomy":"post_tag","embeddable":true,"href":"https:\/\/www.crfj.org\/en\/wp-json\/wp\/v2\/tags?post=4408"}],"curies":[{"name":"wp","href":"https:\/\/api.w.org\/{rel}","templated":true}]}}