{"id":1985,"date":"2013-04-19T09:32:56","date_gmt":"2013-04-19T06:32:56","guid":{"rendered":"http:\/\/www.crfj.org\/?p=1985"},"modified":"2013-04-19T09:32:56","modified_gmt":"2013-04-19T06:32:56","slug":"call-for-paper-workshop-lunion-europeenne-israel-et-les-etats-du-printemps-arabe-au-dela-du-statu-quo-2","status":"publish","type":"post","link":"http:\/\/www.crfj.org\/en\/call-for-paper-workshop-lunion-europeenne-israel-et-les-etats-du-printemps-arabe-au-dela-du-statu-quo-2\/","title":{"rendered":"Workshop \u00ab\u00a0L&rsquo;Union europ\u00e9enne, Isra\u00ebl et les Etats du Printemps arabe : au del\u00e0 du statu quo\u00a0\u00bb"},"content":{"rendered":"<p style=\"text-align: justify;\"><a href=\"http:\/\/www.crfj.org\/wp-content\/uploads\/2013\/03\/Capture-d\u2019\u00e9cran-2013-03-20-\u00e0-09.42.36.png\"><img loading=\"lazy\" class=\"alignleft size-medium wp-image-1988\" title=\"Capture d\u2019\u00e9cran 2013-03-20 \u00e0 09.42.36\" src=\"http:\/\/www.crfj.org\/wp-content\/uploads\/2013\/03\/Capture-d\u2019\u00e9cran-2013-03-20-\u00e0-09.42.36.png\" alt=\"\" width=\"299\" height=\"199\" srcset=\"http:\/\/www.crfj.org\/wp-content\/uploads\/2013\/03\/Capture-d\u2019\u00e9cran-2013-03-20-\u00e0-09.42.36-200x133.png 200w, http:\/\/www.crfj.org\/wp-content\/uploads\/2013\/03\/Capture-d\u2019\u00e9cran-2013-03-20-\u00e0-09.42.36.png 299w\" sizes=\"(max-width: 299px) 100vw, 299px\" \/><\/a>This workshop aims at examining EU relations with Israel and its neighbors in the context of the Arab Spring. Presentations are expected to shed light on the new challenges the EU, Israel and the \u2018Arab Spring\u2019 States have to face and the extent to which these events can positively or negatively impact on the developments of their relationships.<\/p>\n<p style=\"text-align: justify;\">Interventions successives de &#8211;\u00a0Caroline du Plessix (CRFJ-Sciences Po) &#8211;\u00a0Jonathan Rokem (CRFJ-Ben Gourion University) &#8211;<\/p>\n<p><strong>Universit\u00e9 H\u00e9bra\u00efque<\/strong>,\u00a0 le 22 mai (<em>ouvert au public) \u00a0 \u00a0 \u00a0 <\/em><\/p>\n<p><strong>CRFJ<\/strong>, le<strong>\u00a0<\/strong>\u00a023 mai matin\u00e9e \u00a0(<em>ferm\u00e9 au public)<\/em><\/p>\n<p><a href=\"http:\/\/www.crfj.org\/wp-content\/uploads\/2013\/03\/call-for-paper2..pdf\">En savoir plus<\/a><\/p>\n<p><a href=\"http:\/\/www.crfj.org\/wp-content\/uploads\/2013\/05\/programme-version-1..docx\" target=\"_blank\">Consulter le programme<\/a><\/p>\n<p>&nbsp;<\/p>\n<div><\/div>","protected":false},"excerpt":{"rendered":"<p>This workshop aims at examining EU relations with Israel and its neighbors in the context of the Arab Spring. Presentations are expected to shed light on the new challenges the EU, Israel and the \u2018Arab Spring\u2019 States have to face and the extent to which these events can positively or negatively impact on the developments of [&hellip;]<\/p>","protected":false},"author":1,"featured_media":0,"comment_status":"closed","ping_status":"closed","sticky":false,"template":"","format":"standard","meta":[],"categories":[45,46,47],"tags":[83,84,85,86],"_links":{"self":[{"href":"http:\/\/www.crfj.org\/en\/wp-json\/wp\/v2\/posts\/1985"}],"collection":[{"href":"http:\/\/www.crfj.org\/en\/wp-json\/wp\/v2\/posts"}],"about":[{"href":"http:\/\/www.crfj.org\/en\/wp-json\/wp\/v2\/types\/post"}],"author":[{"embeddable":true,"href":"http:\/\/www.crfj.org\/en\/wp-json\/wp\/v2\/users\/1"}],"replies":[{"embeddable":true,"href":"http:\/\/www.crfj.org\/en\/wp-json\/wp\/v2\/comments?post=1985"}],"version-history":[{"count":0,"href":"http:\/\/www.crfj.org\/en\/wp-json\/wp\/v2\/posts\/1985\/revisions"}],"wp:attachment":[{"href":"http:\/\/www.crfj.org\/en\/wp-json\/wp\/v2\/media?parent=1985"}],"wp:term":[{"taxonomy":"category","embeddable":true,"href":"http:\/\/www.crfj.org\/en\/wp-json\/wp\/v2\/categories?post=1985"},{"taxonomy":"post_tag","embeddable":true,"href":"http:\/\/www.crfj.org\/en\/wp-json\/wp\/v2\/tags?post=1985"}],"curies":[{"name":"wp","href":"https:\/\/api.w.org\/{rel}","templated":true}]}}