{"id":13029,"date":"2018-11-11T07:49:12","date_gmt":"2018-11-11T06:49:12","guid":{"rendered":"http:\/\/www.crfj.org\/?p=13029"},"modified":"2019-05-03T09:30:24","modified_gmt":"2019-05-03T07:30:24","slug":"colloque-150e-anniversaire-de-la-decouverte-de-la-stele-de-mesha","status":"publish","type":"post","link":"http:\/\/www.crfj.org\/en\/colloque-150e-anniversaire-de-la-decouverte-de-la-stele-de-mesha\/","title":{"rendered":"Colloque : 150e anniversaire de la d\u00e9couverte de la st\u00e8le de M\u00e9sha"},"content":{"rendered":"<p style=\"text-align: justify;\">Le Centre de recherche fran\u00e7ais \u00e0 J\u00e9rusalem est heureux de vous inviter \u00e0 un colloque c\u00e9l\u00e9brant le 150e anniversaire de la d\u00e9couverte de la st\u00e8le de M\u00e9sha.\u00a0Publi\u00e9e par Charles Clermont-Ganneau, alors en poste au consulat de France \u00e0 J\u00e9rusalem, cette st\u00e8le est l\u2019une des plus grandes d\u00e9couvertes arch\u00e9ologiques en rapport avec la Bible. Pour l\u2019occasion, nous avons invit\u00e9 Isabel Bonora, du Mus\u00e9e du Louvre, qui relatera l\u2019extraordinaire histoire de la d\u00e9couverte de cette st\u00e8le et de sa reconstruction au Louvre, o\u00f9 elle est aujourd\u2019hui expos\u00e9e. Andr\u00e9 Lemaire, de l\u2019EPHE-Sorbonne, fera ensuite le point sur les questions de d\u00e9chiffrement et d\u2019interpr\u00e9tation qui restent d\u2019actualit\u00e9 150 ans apr\u00e8s la d\u00e9couverte. Dans une seconde partie, Shmuel Ahituv et Matthew Morgenstern reviendront sur des aspects \u00e9pigraphiques et linguistiques, tandis que Michael Langlois \u00e9voquera le probl\u00e8me des contrefa\u00e7ons n\u00e9es \u00e0 l\u2019occasion de la d\u00e9couverte de cette st\u00e8le et qui perdurent jusqu\u2019\u00e0 aujourd\u2019hui.<br \/>\nNous vous donnons rendez-vous le jeudi 29 novembre \u00e0 14h.<\/p>\n<p><a href=\"http:\/\/www.crfj.org\/wp-content\/uploads\/2018\/11\/Mesha150.jpg\">Affiche \/ programme<\/a><\/p>\n<p><a href=\"https:\/\/www.timesofisrael.com\/high-tech-study-of-ancient-stone-keeps-davidic-dynasty-in-disputed-inscription\/\">Dans la presse<\/a><\/p>","protected":false},"excerpt":{"rendered":"<p>Le Centre de recherche fran\u00e7ais \u00e0 J\u00e9rusalem est heureux de vous inviter \u00e0 un colloque c\u00e9l\u00e9brant le 150e anniversaire de la d\u00e9couverte de la st\u00e8le de M\u00e9sha.\u00a0Publi\u00e9e par Charles Clermont-Ganneau, alors en poste au consulat de France \u00e0 J\u00e9rusalem, cette st\u00e8le est l\u2019une des plus grandes d\u00e9couvertes arch\u00e9ologiques en rapport avec la Bible. Pour l\u2019occasion, nous [&hellip;]<\/p>","protected":false},"author":2,"featured_media":13032,"comment_status":"closed","ping_status":"closed","sticky":false,"template":"","format":"standard","meta":[],"categories":[45],"tags":[],"_links":{"self":[{"href":"http:\/\/www.crfj.org\/en\/wp-json\/wp\/v2\/posts\/13029"}],"collection":[{"href":"http:\/\/www.crfj.org\/en\/wp-json\/wp\/v2\/posts"}],"about":[{"href":"http:\/\/www.crfj.org\/en\/wp-json\/wp\/v2\/types\/post"}],"author":[{"embeddable":true,"href":"http:\/\/www.crfj.org\/en\/wp-json\/wp\/v2\/users\/2"}],"replies":[{"embeddable":true,"href":"http:\/\/www.crfj.org\/en\/wp-json\/wp\/v2\/comments?post=13029"}],"version-history":[{"count":5,"href":"http:\/\/www.crfj.org\/en\/wp-json\/wp\/v2\/posts\/13029\/revisions"}],"predecessor-version":[{"id":13271,"href":"http:\/\/www.crfj.org\/en\/wp-json\/wp\/v2\/posts\/13029\/revisions\/13271"}],"wp:featuredmedia":[{"embeddable":true,"href":"http:\/\/www.crfj.org\/en\/wp-json\/wp\/v2\/media\/13032"}],"wp:attachment":[{"href":"http:\/\/www.crfj.org\/en\/wp-json\/wp\/v2\/media?parent=13029"}],"wp:term":[{"taxonomy":"category","embeddable":true,"href":"http:\/\/www.crfj.org\/en\/wp-json\/wp\/v2\/categories?post=13029"},{"taxonomy":"post_tag","embeddable":true,"href":"http:\/\/www.crfj.org\/en\/wp-json\/wp\/v2\/tags?post=13029"}],"curies":[{"name":"wp","href":"https:\/\/api.w.org\/{rel}","templated":true}]}}