{"id":13014,"date":"2018-11-12T08:54:42","date_gmt":"2018-11-12T07:54:42","guid":{"rendered":"http:\/\/www.crfj.org\/?p=13014"},"modified":"2018-11-13T09:30:09","modified_gmt":"2018-11-13T08:30:09","slug":"workshop-villes-et-tyrannie-des-memoires","status":"publish","type":"post","link":"http:\/\/www.crfj.org\/en\/workshop-villes-et-tyrannie-des-memoires\/","title":{"rendered":"Workshop \u00ab\u00a0Villes et tyrannie des m\u00e9moires\u00a0\u00bb"},"content":{"rendered":"<p>Le 28 novembre 2018 au Van Leer Institute avec les interventions et pr\u00e9sentations de :\u00a0<strong>Patrick Boucheron<\/strong>, Historien, Professeur au Coll\u00e8ge de France, Paris &#8211;\u00a0<strong>Avner Ben-Amos<\/strong>, Historien, Professeur \u00e0 l\u2019universit\u00e9 de Tel Aviv &#8211;\u00a0<strong>Vincent Lemire<\/strong>, Historien, Ma\u00eetre de conf\u00e9rences \u00e0 l\u2019universit\u00e9 de Marne-la-Vall\u00e9e, responsable du programme ERC \u00ab\u00a0Open Jerusalem\u00a0\u00bb etc&#8230;<\/p>\n<p><a href=\"http:\/\/www.crfj.org\/en\/affiche_porte-jaffa5\/\">Voir l&rsquo;affiche<\/a><\/p>\n<p><a href=\"http:\/\/www.crfj.org\/wp-content\/uploads\/2018\/11\/4-Cities-and-tyranny-of-memories_Program.pdf\">Consulter le programme complet<\/a><\/p>\n<p>&nbsp;<\/p>","protected":false},"excerpt":{"rendered":"<p>Le 28 novembre 2018 au Van Leer Institute avec les interventions et pr\u00e9sentations de :\u00a0Patrick Boucheron, Historien, Professeur au Coll\u00e8ge de France, Paris &#8211;\u00a0Avner Ben-Amos, Historien, Professeur \u00e0 l\u2019universit\u00e9 de Tel Aviv &#8211;\u00a0Vincent Lemire, Historien, Ma\u00eetre de conf\u00e9rences \u00e0 l\u2019universit\u00e9 de Marne-la-Vall\u00e9e, responsable du programme ERC \u00ab\u00a0Open Jerusalem\u00a0\u00bb etc&#8230; Voir l&rsquo;affiche Consulter le programme complet &nbsp;<\/p>","protected":false},"author":2,"featured_media":13015,"comment_status":"closed","ping_status":"closed","sticky":false,"template":"","format":"standard","meta":[],"categories":[45],"tags":[],"_links":{"self":[{"href":"http:\/\/www.crfj.org\/en\/wp-json\/wp\/v2\/posts\/13014"}],"collection":[{"href":"http:\/\/www.crfj.org\/en\/wp-json\/wp\/v2\/posts"}],"about":[{"href":"http:\/\/www.crfj.org\/en\/wp-json\/wp\/v2\/types\/post"}],"author":[{"embeddable":true,"href":"http:\/\/www.crfj.org\/en\/wp-json\/wp\/v2\/users\/2"}],"replies":[{"embeddable":true,"href":"http:\/\/www.crfj.org\/en\/wp-json\/wp\/v2\/comments?post=13014"}],"version-history":[{"count":6,"href":"http:\/\/www.crfj.org\/en\/wp-json\/wp\/v2\/posts\/13014\/revisions"}],"predecessor-version":[{"id":13025,"href":"http:\/\/www.crfj.org\/en\/wp-json\/wp\/v2\/posts\/13014\/revisions\/13025"}],"wp:featuredmedia":[{"embeddable":true,"href":"http:\/\/www.crfj.org\/en\/wp-json\/wp\/v2\/media\/13015"}],"wp:attachment":[{"href":"http:\/\/www.crfj.org\/en\/wp-json\/wp\/v2\/media?parent=13014"}],"wp:term":[{"taxonomy":"category","embeddable":true,"href":"http:\/\/www.crfj.org\/en\/wp-json\/wp\/v2\/categories?post=13014"},{"taxonomy":"post_tag","embeddable":true,"href":"http:\/\/www.crfj.org\/en\/wp-json\/wp\/v2\/tags?post=13014"}],"curies":[{"name":"wp","href":"https:\/\/api.w.org\/{rel}","templated":true}]}}